{"id":5000,"date":"2018-10-25T08:46:42","date_gmt":"2018-10-25T13:46:42","guid":{"rendered":"http:\/\/esebarrancabermeja.gov.co\/?p=5000"},"modified":"2018-10-25T09:19:54","modified_gmt":"2018-10-25T14:19:54","slug":"5000-2","status":"publish","type":"post","link":"https:\/\/esebarrancabermeja.gov.co\/antigua-ese-2022\/5000-2\/","title":{"rendered":"Tragedia Altos de Bellavista"},"content":{"rendered":"<p style=\"text-align: justify;\">La Empresa Social del Estado como miembro del Consejo Municipal de Gesti\u00f3n de Riesgo y Desastre, hizo presencia el d\u00eda 21 de octubre de 2018 en la tragedia ocurrida en el Asentamiento humano Altos de Bellavista apoyando en la organizaci\u00f3n de la comunidad para mantener el \u00e1rea del evento evacuada y facilitar el ingreso de los organismos de apoyo as\u00ed como la maquinaria y equipos que se necesitaban para remover el alud de tierra que caus\u00f3 la tragedia en el sitio, luego de lo acordado en reuni\u00f3n en el puesto de mando\u00a0 unificado trasladamos la unidad m\u00f3vil al Parque Recreacional para brindar a las familias reubicadas\u00a0 en este lugar los servicios de Medicina General, Vacunaci\u00f3n y Enfermer\u00eda.<\/p>\n<p>&nbsp;<\/p>\n<p><img loading=\"lazy\" class=\"alignnone size-medium wp-image-4999\" src=\"http:\/\/esebarrancabermeja.gov.co\/wp-content\/uploads\/2018\/10\/IMG-20181024-WA0054-300x225.jpg\" alt=\"\" width=\"300\" height=\"225\" srcset=\"https:\/\/esebarrancabermeja.gov.co\/antigua-ese-2022\/wp-content\/uploads\/2018\/10\/IMG-20181024-WA0054-300x225.jpg 300w, https:\/\/esebarrancabermeja.gov.co\/antigua-ese-2022\/wp-content\/uploads\/2018\/10\/IMG-20181024-WA0054-768x576.jpg 768w, https:\/\/esebarrancabermeja.gov.co\/antigua-ese-2022\/wp-content\/uploads\/2018\/10\/IMG-20181024-WA0054-1024x768.jpg 1024w, https:\/\/esebarrancabermeja.gov.co\/antigua-ese-2022\/wp-content\/uploads\/2018\/10\/IMG-20181024-WA0054-249x187.jpg 249w, https:\/\/esebarrancabermeja.gov.co\/antigua-ese-2022\/wp-content\/uploads\/2018\/10\/IMG-20181024-WA0054.jpg 1032w\" sizes=\"(max-width: 300px) 100vw, 300px\" \/> <img loading=\"lazy\" class=\"alignnone size-medium wp-image-4998\" src=\"http:\/\/esebarrancabermeja.gov.co\/wp-content\/uploads\/2018\/10\/IMG-20181024-WA0051-169x300.jpg\" alt=\"\" width=\"169\" height=\"300\" srcset=\"https:\/\/esebarrancabermeja.gov.co\/antigua-ese-2022\/wp-content\/uploads\/2018\/10\/IMG-20181024-WA0051-169x300.jpg 169w, https:\/\/esebarrancabermeja.gov.co\/antigua-ese-2022\/wp-content\/uploads\/2018\/10\/IMG-20181024-WA0051-577x1024.jpg 577w, https:\/\/esebarrancabermeja.gov.co\/antigua-ese-2022\/wp-content\/uploads\/2018\/10\/IMG-20181024-WA0051-105x187.jpg 105w, https:\/\/esebarrancabermeja.gov.co\/antigua-ese-2022\/wp-content\/uploads\/2018\/10\/IMG-20181024-WA0051.jpg 640w\" sizes=\"(max-width: 169px) 100vw, 169px\" \/><\/p>\n","protected":false},"excerpt":{"rendered":"<p>La Empresa Social del Estado como miembro del Consejo Municipal de Gesti\u00f3n de Riesgo y Desastre, hizo presencia el d\u00eda 21 de octubre de 2018 en la tragedia ocurrida en el Asentamiento humano Altos de Bellavista apoyando en la organizaci\u00f3n de la comunidad para mantener el \u00e1rea del evento evacuada y facilitar el ingreso de<\/p>\n","protected":false},"author":1,"featured_media":4999,"comment_status":"closed","ping_status":"closed","sticky":false,"template":"","format":"standard","meta":{"_bbp_topic_count":0,"_bbp_reply_count":0,"_bbp_total_topic_count":0,"_bbp_total_reply_count":0,"_bbp_voice_count":0,"_bbp_anonymous_reply_count":0,"_bbp_topic_count_hidden":0,"_bbp_reply_count_hidden":0,"_bbp_forum_subforum_count":0},"categories":[554],"tags":[],"_links":{"self":[{"href":"https:\/\/esebarrancabermeja.gov.co\/antigua-ese-2022\/wp-json\/wp\/v2\/posts\/5000"}],"collection":[{"href":"https:\/\/esebarrancabermeja.gov.co\/antigua-ese-2022\/wp-json\/wp\/v2\/posts"}],"about":[{"href":"https:\/\/esebarrancabermeja.gov.co\/antigua-ese-2022\/wp-json\/wp\/v2\/types\/post"}],"author":[{"embeddable":true,"href":"https:\/\/esebarrancabermeja.gov.co\/antigua-ese-2022\/wp-json\/wp\/v2\/users\/1"}],"replies":[{"embeddable":true,"href":"https:\/\/esebarrancabermeja.gov.co\/antigua-ese-2022\/wp-json\/wp\/v2\/comments?post=5000"}],"version-history":[{"count":7,"href":"https:\/\/esebarrancabermeja.gov.co\/antigua-ese-2022\/wp-json\/wp\/v2\/posts\/5000\/revisions"}],"predecessor-version":[{"id":5008,"href":"https:\/\/esebarrancabermeja.gov.co\/antigua-ese-2022\/wp-json\/wp\/v2\/posts\/5000\/revisions\/5008"}],"wp:featuredmedia":[{"embeddable":true,"href":"https:\/\/esebarrancabermeja.gov.co\/antigua-ese-2022\/wp-json\/wp\/v2\/media\/4999"}],"wp:attachment":[{"href":"https:\/\/esebarrancabermeja.gov.co\/antigua-ese-2022\/wp-json\/wp\/v2\/media?parent=5000"}],"wp:term":[{"taxonomy":"category","embeddable":true,"href":"https:\/\/esebarrancabermeja.gov.co\/antigua-ese-2022\/wp-json\/wp\/v2\/categories?post=5000"},{"taxonomy":"post_tag","embeddable":true,"href":"https:\/\/esebarrancabermeja.gov.co\/antigua-ese-2022\/wp-json\/wp\/v2\/tags?post=5000"}],"curies":[{"name":"wp","href":"https:\/\/api.w.org\/{rel}","templated":true}]}}