{"id":5207,"date":"2019-01-21T11:28:35","date_gmt":"2019-01-21T16:28:35","guid":{"rendered":"http:\/\/esebarrancabermeja.gov.co\/?p=5207"},"modified":"2019-01-21T11:36:24","modified_gmt":"2019-01-21T16:36:24","slug":"actividad-ludica-prevencion-del-peligro-biologico","status":"publish","type":"post","link":"https:\/\/esebarrancabermeja.gov.co\/antigua-ese-2022\/actividad-ludica-prevencion-del-peligro-biologico\/","title":{"rendered":"Actividad L\u00fadica Prevenci\u00f3n Del Peligro Biol\u00f3gico"},"content":{"rendered":"<div style=\"text-align: justify;\">El d\u00eda 14 de enero de 2019 el T\u00e9cnico de Salud Ocupacional Milton Jes\u00fas Rinc\u00f3n Contreras con el acompa\u00f1amiento de un profesional de Seguridad y Salud en el trabajo en representaci\u00f3n de la ARL LIBERTY lider\u00f3 en las \u00e1reas de consulta externa de los Centros de Salud de la instituci\u00f3n la jornada de capacitaci\u00f3n en prevenci\u00f3n del peligro biol\u00f3gico; en esta oportunidad se trabaj\u00f3 en l\u00fadica a trav\u00e9s de la personificaci\u00f3n de un mexicano con lo cual el profesional socializ\u00f3 a los trabajadores la importancia de la aplicaci\u00f3n de las normas de bioseguridad, uso correcto de elementos de protecci\u00f3n personal, manejo y segregaci\u00f3n correcta de los residuos hospitalarios y el cuidado de las manos. Los trabajadores mostraron gran inter\u00e9s en la jornada con una participaci\u00f3n apropiada reflejando satisfacci\u00f3n con la ense\u00f1anza y compromiso con la prevenci\u00f3n de accidentes de trabajo y enfermedades laborales.<\/div>\n<p><!--more--><\/p>\n<div><\/div>\n<div><img loading=\"lazy\" class=\"wp-image-5205 size-thumbnail alignleft\" src=\"http:\/\/esebarrancabermeja.gov.co\/wp-content\/uploads\/2019\/01\/20190114_092815-150x150.jpg\" alt=\"\" width=\"150\" height=\"150\" srcset=\"https:\/\/esebarrancabermeja.gov.co\/antigua-ese-2022\/wp-content\/uploads\/2019\/01\/20190114_092815-150x150.jpg 150w, https:\/\/esebarrancabermeja.gov.co\/antigua-ese-2022\/wp-content\/uploads\/2019\/01\/20190114_092815-100x100.jpg 100w\" sizes=\"(max-width: 150px) 100vw, 150px\" \/><\/div>\n<div style=\"text-align: justify;\">\u00a0\u00a0<img loading=\"lazy\" class=\"wp-image-5204 size-thumbnail alignleft\" src=\"http:\/\/esebarrancabermeja.gov.co\/wp-content\/uploads\/2019\/01\/20190114_090150-150x150.jpg\" alt=\"\" width=\"150\" height=\"150\" srcset=\"https:\/\/esebarrancabermeja.gov.co\/antigua-ese-2022\/wp-content\/uploads\/2019\/01\/20190114_090150-150x150.jpg 150w, https:\/\/esebarrancabermeja.gov.co\/antigua-ese-2022\/wp-content\/uploads\/2019\/01\/20190114_090150-100x100.jpg 100w\" sizes=\"(max-width: 150px) 100vw, 150px\" \/> <img loading=\"lazy\" class=\"wp-image-5203 size-thumbnail alignleft\" src=\"http:\/\/esebarrancabermeja.gov.co\/wp-content\/uploads\/2019\/01\/20190114_083605-150x150.jpg\" alt=\"\" width=\"150\" height=\"150\" srcset=\"https:\/\/esebarrancabermeja.gov.co\/antigua-ese-2022\/wp-content\/uploads\/2019\/01\/20190114_083605-150x150.jpg 150w, https:\/\/esebarrancabermeja.gov.co\/antigua-ese-2022\/wp-content\/uploads\/2019\/01\/20190114_083605-100x100.jpg 100w\" sizes=\"(max-width: 150px) 100vw, 150px\" \/> <img loading=\"lazy\" class=\"wp-image-5202 size-thumbnail alignleft\" src=\"http:\/\/esebarrancabermeja.gov.co\/wp-content\/uploads\/2019\/01\/20190114_071943-150x150.jpg\" alt=\"\" width=\"150\" height=\"150\" srcset=\"https:\/\/esebarrancabermeja.gov.co\/antigua-ese-2022\/wp-content\/uploads\/2019\/01\/20190114_071943-150x150.jpg 150w, https:\/\/esebarrancabermeja.gov.co\/antigua-ese-2022\/wp-content\/uploads\/2019\/01\/20190114_071943-100x100.jpg 100w\" sizes=\"(max-width: 150px) 100vw, 150px\" \/><\/div>\n","protected":false},"excerpt":{"rendered":"<p>El d\u00eda 14 de enero de 2019 el T\u00e9cnico de Salud Ocupacional Milton Jes\u00fas Rinc\u00f3n Contreras con el acompa\u00f1amiento de un profesional de Seguridad y Salud en el trabajo en representaci\u00f3n de la ARL LIBERTY lider\u00f3 en las \u00e1reas de consulta externa de los Centros de Salud de la instituci\u00f3n la jornada de capacitaci\u00f3n en<\/p>\n","protected":false},"author":1,"featured_media":5206,"comment_status":"closed","ping_status":"closed","sticky":false,"template":"","format":"standard","meta":{"_bbp_topic_count":0,"_bbp_reply_count":0,"_bbp_total_topic_count":0,"_bbp_total_reply_count":0,"_bbp_voice_count":0,"_bbp_anonymous_reply_count":0,"_bbp_topic_count_hidden":0,"_bbp_reply_count_hidden":0,"_bbp_forum_subforum_count":0},"categories":[554],"tags":[],"_links":{"self":[{"href":"https:\/\/esebarrancabermeja.gov.co\/antigua-ese-2022\/wp-json\/wp\/v2\/posts\/5207"}],"collection":[{"href":"https:\/\/esebarrancabermeja.gov.co\/antigua-ese-2022\/wp-json\/wp\/v2\/posts"}],"about":[{"href":"https:\/\/esebarrancabermeja.gov.co\/antigua-ese-2022\/wp-json\/wp\/v2\/types\/post"}],"author":[{"embeddable":true,"href":"https:\/\/esebarrancabermeja.gov.co\/antigua-ese-2022\/wp-json\/wp\/v2\/users\/1"}],"replies":[{"embeddable":true,"href":"https:\/\/esebarrancabermeja.gov.co\/antigua-ese-2022\/wp-json\/wp\/v2\/comments?post=5207"}],"version-history":[{"count":9,"href":"https:\/\/esebarrancabermeja.gov.co\/antigua-ese-2022\/wp-json\/wp\/v2\/posts\/5207\/revisions"}],"predecessor-version":[{"id":5217,"href":"https:\/\/esebarrancabermeja.gov.co\/antigua-ese-2022\/wp-json\/wp\/v2\/posts\/5207\/revisions\/5217"}],"wp:featuredmedia":[{"embeddable":true,"href":"https:\/\/esebarrancabermeja.gov.co\/antigua-ese-2022\/wp-json\/wp\/v2\/media\/5206"}],"wp:attachment":[{"href":"https:\/\/esebarrancabermeja.gov.co\/antigua-ese-2022\/wp-json\/wp\/v2\/media?parent=5207"}],"wp:term":[{"taxonomy":"category","embeddable":true,"href":"https:\/\/esebarrancabermeja.gov.co\/antigua-ese-2022\/wp-json\/wp\/v2\/categories?post=5207"},{"taxonomy":"post_tag","embeddable":true,"href":"https:\/\/esebarrancabermeja.gov.co\/antigua-ese-2022\/wp-json\/wp\/v2\/tags?post=5207"}],"curies":[{"name":"wp","href":"https:\/\/api.w.org\/{rel}","templated":true}]}}