{"id":5577,"date":"2019-04-29T08:40:09","date_gmt":"2019-04-29T13:40:09","guid":{"rendered":"http:\/\/esebarrancabermeja.gov.co\/?p=5577"},"modified":"2019-04-29T10:44:14","modified_gmt":"2019-04-29T15:44:14","slug":"segunda-jornada-nacional-de-vacunacion","status":"publish","type":"post","link":"https:\/\/esebarrancabermeja.gov.co\/antigua-ese-2022\/segunda-jornada-nacional-de-vacunacion\/","title":{"rendered":"Segunda Jornada Nacional de Vacunaci\u00f3n"},"content":{"rendered":"<p id=\"E44\"><span id=\"E45\">La ESE Barrancabermeja participo en la segunda jornada nacional de vacunaci\u00f3n<\/span><span id=\"E46\"> el s\u00e1bado 27 de abril en el horario de 8:00 am a 4:00 pm<\/span><span id=\"E47\">, prestando el servicio en los centros de salud cardales, campin, Danubio, floresta, CDV y en el \u00e1rea rural en el centro de salud El Centro.<\/span><\/p>\n<p id=\"E48\"><span id=\"E49\">El centro de salud El Castillo traslado el puesto de vacunaci\u00f3n a la polideportiva del barrio Castillo frente a la iglesia, participando en la feria de la salud organizada por la secretaria local de salud.<\/span><\/p>\n<p id=\"E50\"><span id=\"E51\">Se <\/span><span id=\"E52\">administra las<\/span><span id=\"E53\"> va<\/span><span id=\"E54\">cunas para la poblaci\u00f3n prioritaria:<\/span><\/p>\n<p id=\"E55\"><span id=\"E56\">*Ni\u00f1os y ni\u00f1as menores de 10 a\u00f1os para iniciar, continuar o completar esquemas.<\/span><\/p>\n<p id=\"E57\"><span id=\"E58\">*Mujeres embarazadas.<\/span><\/p>\n<p id=\"E59\"><span id=\"E60\">*Ni\u00f1as de 9 a 17 a\u00f1os para VPH.<\/span><\/p>\n<p id=\"E61\"><span id=\"E62\">*Mujeres en edad f\u00e9rtil de 10 a 49 a\u00f1os.<\/span><\/p>\n<p id=\"E63\"><span id=\"E64\">*Poblaci\u00f3n sin vacuna de fiebre amarilla de 1 a 59 a\u00f1os de edad.<\/span><\/p>\n<p id=\"E65\"><span id=\"E66\">*Poblaci\u00f3n<\/span><span id=\"E69\"> venezolana menor de 10 a\u00f1os.<\/span><\/p>\n<p>&nbsp;<\/p>\n<p><a href=\"http:\/\/esebarrancabermeja.gov.co\/segunda-jornada-nacional-de-vacunacion\/vacunacion2\/\" rel=\"attachment wp-att-5582\"><img loading=\"lazy\" class=\"alignleft wp-image-5582 size-full\" src=\"http:\/\/esebarrancabermeja.gov.co\/wp-content\/uploads\/2019\/04\/VACUNACION2.jpg\" alt=\"\" width=\"960\" height=\"720\" srcset=\"https:\/\/esebarrancabermeja.gov.co\/antigua-ese-2022\/wp-content\/uploads\/2019\/04\/VACUNACION2.jpg 960w, https:\/\/esebarrancabermeja.gov.co\/antigua-ese-2022\/wp-content\/uploads\/2019\/04\/VACUNACION2-300x225.jpg 300w, https:\/\/esebarrancabermeja.gov.co\/antigua-ese-2022\/wp-content\/uploads\/2019\/04\/VACUNACION2-768x576.jpg 768w, https:\/\/esebarrancabermeja.gov.co\/antigua-ese-2022\/wp-content\/uploads\/2019\/04\/VACUNACION2-249x187.jpg 249w\" sizes=\"(max-width: 960px) 100vw, 960px\" \/><\/a><\/p>\n<p>&nbsp;<\/p>\n","protected":false},"excerpt":{"rendered":"<p>La ESE Barrancabermeja participo en la segunda jornada nacional de vacunaci\u00f3n el s\u00e1bado 27 de abril en el horario de 8:00 am a 4:00 pm, prestando el servicio en los centros de salud cardales, campin, Danubio, floresta, CDV y en el \u00e1rea rural en el centro de salud El Centro. El centro de salud El<\/p>\n","protected":false},"author":1,"featured_media":5576,"comment_status":"closed","ping_status":"closed","sticky":false,"template":"","format":"standard","meta":{"_bbp_topic_count":0,"_bbp_reply_count":0,"_bbp_total_topic_count":0,"_bbp_total_reply_count":0,"_bbp_voice_count":0,"_bbp_anonymous_reply_count":0,"_bbp_topic_count_hidden":0,"_bbp_reply_count_hidden":0,"_bbp_forum_subforum_count":0},"categories":[554],"tags":[],"_links":{"self":[{"href":"https:\/\/esebarrancabermeja.gov.co\/antigua-ese-2022\/wp-json\/wp\/v2\/posts\/5577"}],"collection":[{"href":"https:\/\/esebarrancabermeja.gov.co\/antigua-ese-2022\/wp-json\/wp\/v2\/posts"}],"about":[{"href":"https:\/\/esebarrancabermeja.gov.co\/antigua-ese-2022\/wp-json\/wp\/v2\/types\/post"}],"author":[{"embeddable":true,"href":"https:\/\/esebarrancabermeja.gov.co\/antigua-ese-2022\/wp-json\/wp\/v2\/users\/1"}],"replies":[{"embeddable":true,"href":"https:\/\/esebarrancabermeja.gov.co\/antigua-ese-2022\/wp-json\/wp\/v2\/comments?post=5577"}],"version-history":[{"count":4,"href":"https:\/\/esebarrancabermeja.gov.co\/antigua-ese-2022\/wp-json\/wp\/v2\/posts\/5577\/revisions"}],"predecessor-version":[{"id":5584,"href":"https:\/\/esebarrancabermeja.gov.co\/antigua-ese-2022\/wp-json\/wp\/v2\/posts\/5577\/revisions\/5584"}],"wp:featuredmedia":[{"embeddable":true,"href":"https:\/\/esebarrancabermeja.gov.co\/antigua-ese-2022\/wp-json\/wp\/v2\/media\/5576"}],"wp:attachment":[{"href":"https:\/\/esebarrancabermeja.gov.co\/antigua-ese-2022\/wp-json\/wp\/v2\/media?parent=5577"}],"wp:term":[{"taxonomy":"category","embeddable":true,"href":"https:\/\/esebarrancabermeja.gov.co\/antigua-ese-2022\/wp-json\/wp\/v2\/categories?post=5577"},{"taxonomy":"post_tag","embeddable":true,"href":"https:\/\/esebarrancabermeja.gov.co\/antigua-ese-2022\/wp-json\/wp\/v2\/tags?post=5577"}],"curies":[{"name":"wp","href":"https:\/\/api.w.org\/{rel}","templated":true}]}}