{"id":7958,"date":"2022-01-21T12:26:25","date_gmt":"2022-01-21T17:26:25","guid":{"rendered":"https:\/\/esebarrancabermeja.gov.co\/?p=7958"},"modified":"2022-01-21T12:26:27","modified_gmt":"2022-01-21T17:26:27","slug":"gran-jornada-de-salud-corregimiento-el-llanito","status":"publish","type":"post","link":"https:\/\/esebarrancabermeja.gov.co\/antigua-ese-2022\/gran-jornada-de-salud-corregimiento-el-llanito\/","title":{"rendered":"Gran jornada de Salud Corregimiento El Llanito"},"content":{"rendered":"\n<p>Este <a href=\"https:\/\/www.facebook.com\/hashtag\/s%C3%A1bado?__eep__=6&amp;__cft__[0]=AZW6oslAeLkVIo-4PdEG4FzvF6LfqJARpip2HOTtiJxS5ey0vOrxE8SseMa11JIMz-omxzBVkKrmjsxBZN0nMq3b87hrOvBhtV33aRkys-ekOEfsmfZrZSyaz6an5VIe_oue8GIZWMW2NBNlMoxK_F5K&amp;__tn__=*NK-R\">#s\u00e1bado<\/a> en El Llanito iniciar\u00e1n las jornadas de salud que la ESE Barrancabermeja llevar\u00e1 a los corregimientos del <a href=\"https:\/\/www.facebook.com\/hashtag\/distrito?__eep__=6&amp;__cft__[0]=AZW6oslAeLkVIo-4PdEG4FzvF6LfqJARpip2HOTtiJxS5ey0vOrxE8SseMa11JIMz-omxzBVkKrmjsxBZN0nMq3b87hrOvBhtV33aRkys-ekOEfsmfZrZSyaz6an5VIe_oue8GIZWMW2NBNlMoxK_F5K&amp;__tn__=*NK-R\">#Distrito<\/a><img loading=\"lazy\" height=\"16\" width=\"16\" alt=\"\ud83d\udc69\ud83c\udffb\u200d\u2695\ufe0f\" src=\"https:\/\/static.xx.fbcdn.net\/images\/emoji.php\/v9\/t18\/1\/16\/1f469_1f3fb_200d_2695.png\"><img loading=\"lazy\" height=\"16\" width=\"16\" alt=\"\ud83d\udc68\u200d\u2695\ufe0f\" src=\"https:\/\/static.xx.fbcdn.net\/images\/emoji.php\/v9\/t5c\/1\/16\/1f468_200d_2695.png\">.Si eres usuario de la ESE y requieres certificado m\u00e9dico, odontol\u00f3gico, de crecimiento y desarrollo; o servicio de citolog\u00eda, acude al puesto de salud de 7:00 a.m. a 1:00 p.m.<img loading=\"lazy\" height=\"16\" width=\"16\" alt=\"\ud83d\udc89\" src=\"https:\/\/static.xx.fbcdn.net\/images\/emoji.php\/v9\/tcd\/1\/16\/1f489.png\"> De igual forma, llevaremos vacunaci\u00f3n regular y <a href=\"https:\/\/www.facebook.com\/hashtag\/covid19?__eep__=6&amp;__cft__[0]=AZW6oslAeLkVIo-4PdEG4FzvF6LfqJARpip2HOTtiJxS5ey0vOrxE8SseMa11JIMz-omxzBVkKrmjsxBZN0nMq3b87hrOvBhtV33aRkys-ekOEfsmfZrZSyaz6an5VIe_oue8GIZWMW2NBNlMoxK_F5K&amp;__tn__=*NK-R\">#covid19<\/a> para la poblaci\u00f3n en general.<\/p>\n\n\n\n<figure class=\"wp-block-gallery columns-1 is-cropped\"><ul class=\"blocks-gallery-grid\"><li class=\"blocks-gallery-item\"><figure><img loading=\"lazy\" width=\"994\" height=\"1024\" src=\"https:\/\/esebarrancabermeja.gov.co\/wp-content\/uploads\/2022\/01\/272219340_4741938719195040_1379384051275613596_n-994x1024.jpg\" alt=\"\" data-id=\"7959\" data-full-url=\"https:\/\/esebarrancabermeja.gov.co\/wp-content\/uploads\/2022\/01\/272219340_4741938719195040_1379384051275613596_n.jpg\" data-link=\"https:\/\/esebarrancabermeja.gov.co\/?attachment_id=7959\" class=\"wp-image-7959\" srcset=\"https:\/\/esebarrancabermeja.gov.co\/antigua-ese-2022\/wp-content\/uploads\/2022\/01\/272219340_4741938719195040_1379384051275613596_n-994x1024.jpg 994w, https:\/\/esebarrancabermeja.gov.co\/antigua-ese-2022\/wp-content\/uploads\/2022\/01\/272219340_4741938719195040_1379384051275613596_n-291x300.jpg 291w, https:\/\/esebarrancabermeja.gov.co\/antigua-ese-2022\/wp-content\/uploads\/2022\/01\/272219340_4741938719195040_1379384051275613596_n-768x792.jpg 768w, https:\/\/esebarrancabermeja.gov.co\/antigua-ese-2022\/wp-content\/uploads\/2022\/01\/272219340_4741938719195040_1379384051275613596_n-1490x1536.jpg 1490w, https:\/\/esebarrancabermeja.gov.co\/antigua-ese-2022\/wp-content\/uploads\/2022\/01\/272219340_4741938719195040_1379384051275613596_n-181x187.jpg 181w, https:\/\/esebarrancabermeja.gov.co\/antigua-ese-2022\/wp-content\/uploads\/2022\/01\/272219340_4741938719195040_1379384051275613596_n-1210x1247.jpg 1210w, https:\/\/esebarrancabermeja.gov.co\/antigua-ese-2022\/wp-content\/uploads\/2022\/01\/272219340_4741938719195040_1379384051275613596_n.jpg 1500w\" sizes=\"(max-width: 994px) 100vw, 994px\" \/><\/figure><\/li><\/ul><\/figure>\n","protected":false},"excerpt":{"rendered":"<p>Este #s\u00e1bado en El Llanito iniciar\u00e1n las jornadas de salud que la ESE Barrancabermeja llevar\u00e1 a los corregimientos del #Distrito.Si eres usuario de la ESE y requieres certificado m\u00e9dico, odontol\u00f3gico, de crecimiento y desarrollo; o servicio de citolog\u00eda, acude al puesto de salud de 7:00 a.m. a 1:00 p.m. De igual forma, llevaremos vacunaci\u00f3n regular<\/p>\n","protected":false},"author":1,"featured_media":0,"comment_status":"closed","ping_status":"closed","sticky":false,"template":"","format":"standard","meta":{"_bbp_topic_count":0,"_bbp_reply_count":0,"_bbp_total_topic_count":0,"_bbp_total_reply_count":0,"_bbp_voice_count":0,"_bbp_anonymous_reply_count":0,"_bbp_topic_count_hidden":0,"_bbp_reply_count_hidden":0,"_bbp_forum_subforum_count":0},"categories":[553],"tags":[],"_links":{"self":[{"href":"https:\/\/esebarrancabermeja.gov.co\/antigua-ese-2022\/wp-json\/wp\/v2\/posts\/7958"}],"collection":[{"href":"https:\/\/esebarrancabermeja.gov.co\/antigua-ese-2022\/wp-json\/wp\/v2\/posts"}],"about":[{"href":"https:\/\/esebarrancabermeja.gov.co\/antigua-ese-2022\/wp-json\/wp\/v2\/types\/post"}],"author":[{"embeddable":true,"href":"https:\/\/esebarrancabermeja.gov.co\/antigua-ese-2022\/wp-json\/wp\/v2\/users\/1"}],"replies":[{"embeddable":true,"href":"https:\/\/esebarrancabermeja.gov.co\/antigua-ese-2022\/wp-json\/wp\/v2\/comments?post=7958"}],"version-history":[{"count":1,"href":"https:\/\/esebarrancabermeja.gov.co\/antigua-ese-2022\/wp-json\/wp\/v2\/posts\/7958\/revisions"}],"predecessor-version":[{"id":7960,"href":"https:\/\/esebarrancabermeja.gov.co\/antigua-ese-2022\/wp-json\/wp\/v2\/posts\/7958\/revisions\/7960"}],"wp:attachment":[{"href":"https:\/\/esebarrancabermeja.gov.co\/antigua-ese-2022\/wp-json\/wp\/v2\/media?parent=7958"}],"wp:term":[{"taxonomy":"category","embeddable":true,"href":"https:\/\/esebarrancabermeja.gov.co\/antigua-ese-2022\/wp-json\/wp\/v2\/categories?post=7958"},{"taxonomy":"post_tag","embeddable":true,"href":"https:\/\/esebarrancabermeja.gov.co\/antigua-ese-2022\/wp-json\/wp\/v2\/tags?post=7958"}],"curies":[{"name":"wp","href":"https:\/\/api.w.org\/{rel}","templated":true}]}}