{"id":8754,"date":"2022-08-04T13:57:46","date_gmt":"2022-08-04T18:57:46","guid":{"rendered":"http:\/\/esebarrancabermeja.gov.co\/?p=8754"},"modified":"2022-08-04T13:57:47","modified_gmt":"2022-08-04T18:57:47","slug":"se-realizo-en-el-distrito-de-barrancabermeja-el-1er-foro-de-lactancia-materna","status":"publish","type":"post","link":"https:\/\/esebarrancabermeja.gov.co\/antigua-ese-2022\/se-realizo-en-el-distrito-de-barrancabermeja-el-1er-foro-de-lactancia-materna\/","title":{"rendered":"Se realiz\u00f3 en el distrito de Barrancabermeja el 1er. Foro de Lactancia Materna"},"content":{"rendered":"\n<p>La Empresa Social del Estado Barrancabermeja en compa\u00f1\u00eda de la Secretar\u00eda Local de Salud, Programa de Plan de Intervenciones Colectivas, realizamos este foro sobre lactancia materna con las usuarias mamitas gestantes y lactantes.<\/p>\n\n\n\n<p><\/p>\n\n\n\n<figure class=\"wp-block-video\"><video controls src=\"http:\/\/esebarrancabermeja.gov.co\/wp-content\/uploads\/2022\/08\/WhatsApp-Video-2022-08-03-at-6.24.44-PM.mp4\"><\/video><\/figure>\n","protected":false},"excerpt":{"rendered":"<p>La Empresa Social del Estado Barrancabermeja en compa\u00f1\u00eda de la Secretar\u00eda Local de Salud, Programa de Plan de Intervenciones Colectivas, realizamos este foro sobre lactancia materna con las usuarias mamitas gestantes y lactantes.<\/p>\n","protected":false},"author":1,"featured_media":0,"comment_status":"closed","ping_status":"closed","sticky":true,"template":"","format":"standard","meta":{"_bbp_topic_count":0,"_bbp_reply_count":0,"_bbp_total_topic_count":0,"_bbp_total_reply_count":0,"_bbp_voice_count":0,"_bbp_anonymous_reply_count":0,"_bbp_topic_count_hidden":0,"_bbp_reply_count_hidden":0,"_bbp_forum_subforum_count":0},"categories":[554],"tags":[],"_links":{"self":[{"href":"https:\/\/esebarrancabermeja.gov.co\/antigua-ese-2022\/wp-json\/wp\/v2\/posts\/8754"}],"collection":[{"href":"https:\/\/esebarrancabermeja.gov.co\/antigua-ese-2022\/wp-json\/wp\/v2\/posts"}],"about":[{"href":"https:\/\/esebarrancabermeja.gov.co\/antigua-ese-2022\/wp-json\/wp\/v2\/types\/post"}],"author":[{"embeddable":true,"href":"https:\/\/esebarrancabermeja.gov.co\/antigua-ese-2022\/wp-json\/wp\/v2\/users\/1"}],"replies":[{"embeddable":true,"href":"https:\/\/esebarrancabermeja.gov.co\/antigua-ese-2022\/wp-json\/wp\/v2\/comments?post=8754"}],"version-history":[{"count":1,"href":"https:\/\/esebarrancabermeja.gov.co\/antigua-ese-2022\/wp-json\/wp\/v2\/posts\/8754\/revisions"}],"predecessor-version":[{"id":8755,"href":"https:\/\/esebarrancabermeja.gov.co\/antigua-ese-2022\/wp-json\/wp\/v2\/posts\/8754\/revisions\/8755"}],"wp:attachment":[{"href":"https:\/\/esebarrancabermeja.gov.co\/antigua-ese-2022\/wp-json\/wp\/v2\/media?parent=8754"}],"wp:term":[{"taxonomy":"category","embeddable":true,"href":"https:\/\/esebarrancabermeja.gov.co\/antigua-ese-2022\/wp-json\/wp\/v2\/categories?post=8754"},{"taxonomy":"post_tag","embeddable":true,"href":"https:\/\/esebarrancabermeja.gov.co\/antigua-ese-2022\/wp-json\/wp\/v2\/tags?post=8754"}],"curies":[{"name":"wp","href":"https:\/\/api.w.org\/{rel}","templated":true}]}}