{"id":9932,"date":"2023-03-22T12:16:29","date_gmt":"2023-03-22T17:16:29","guid":{"rendered":"http:\/\/esebarrancabermeja.gov.co\/?p=9932"},"modified":"2023-03-22T12:16:30","modified_gmt":"2023-03-22T17:16:30","slug":"jornada-de-salud-a-poblacion-privada-de-la-libertad","status":"publish","type":"post","link":"https:\/\/esebarrancabermeja.gov.co\/antigua-ese-2022\/jornada-de-salud-a-poblacion-privada-de-la-libertad\/","title":{"rendered":"Jornada de salud a poblaci\u00f3n privada de la libertad."},"content":{"rendered":"\n<p>El pasado 3 de marzo se realiz\u00f3 Jornada de salud para la poblaci\u00f3n privada de la libertad en el reclusorio del CDV. Se llev\u00f3 atenci\u00f3n m\u00e9dica, odontolog\u00edca, toma de ex\u00e1menes de asintom\u00e1ticos respiratorios, entrega de medicamentos.\u00a0<\/p>\n\n\n\n<figure class=\"wp-block-gallery columns-2 is-cropped\"><ul class=\"blocks-gallery-grid\"><li class=\"blocks-gallery-item\"><figure><img loading=\"lazy\" width=\"819\" height=\"1024\" src=\"http:\/\/esebarrancabermeja.gov.co\/wp-content\/uploads\/2023\/03\/Collage_20230305_190559-2-819x1024.jpg\" alt=\"\" data-id=\"9933\" data-full-url=\"http:\/\/esebarrancabermeja.gov.co\/wp-content\/uploads\/2023\/03\/Collage_20230305_190559-2-scaled.jpg\" data-link=\"http:\/\/esebarrancabermeja.gov.co\/?attachment_id=9933\" class=\"wp-image-9933\" srcset=\"https:\/\/esebarrancabermeja.gov.co\/antigua-ese-2022\/wp-content\/uploads\/2023\/03\/Collage_20230305_190559-2-819x1024.jpg 819w, https:\/\/esebarrancabermeja.gov.co\/antigua-ese-2022\/wp-content\/uploads\/2023\/03\/Collage_20230305_190559-2-240x300.jpg 240w, https:\/\/esebarrancabermeja.gov.co\/antigua-ese-2022\/wp-content\/uploads\/2023\/03\/Collage_20230305_190559-2-768x960.jpg 768w, https:\/\/esebarrancabermeja.gov.co\/antigua-ese-2022\/wp-content\/uploads\/2023\/03\/Collage_20230305_190559-2-1229x1536.jpg 1229w, https:\/\/esebarrancabermeja.gov.co\/antigua-ese-2022\/wp-content\/uploads\/2023\/03\/Collage_20230305_190559-2-1638x2048.jpg 1638w, https:\/\/esebarrancabermeja.gov.co\/antigua-ese-2022\/wp-content\/uploads\/2023\/03\/Collage_20230305_190559-2-150x187.jpg 150w, https:\/\/esebarrancabermeja.gov.co\/antigua-ese-2022\/wp-content\/uploads\/2023\/03\/Collage_20230305_190559-2-1210x1513.jpg 1210w, https:\/\/esebarrancabermeja.gov.co\/antigua-ese-2022\/wp-content\/uploads\/2023\/03\/Collage_20230305_190559-2-scaled.jpg 2048w\" sizes=\"(max-width: 819px) 100vw, 819px\" \/><\/figure><\/li><li class=\"blocks-gallery-item\"><figure><img loading=\"lazy\" width=\"585\" height=\"1024\" src=\"http:\/\/esebarrancabermeja.gov.co\/wp-content\/uploads\/2023\/03\/Collage_20230305_190634-2-585x1024.jpg\" alt=\"\" data-id=\"9934\" data-full-url=\"http:\/\/esebarrancabermeja.gov.co\/wp-content\/uploads\/2023\/03\/Collage_20230305_190634-2-scaled.jpg\" data-link=\"http:\/\/esebarrancabermeja.gov.co\/?attachment_id=9934\" class=\"wp-image-9934\" srcset=\"https:\/\/esebarrancabermeja.gov.co\/antigua-ese-2022\/wp-content\/uploads\/2023\/03\/Collage_20230305_190634-2-585x1024.jpg 585w, https:\/\/esebarrancabermeja.gov.co\/antigua-ese-2022\/wp-content\/uploads\/2023\/03\/Collage_20230305_190634-2-171x300.jpg 171w, https:\/\/esebarrancabermeja.gov.co\/antigua-ese-2022\/wp-content\/uploads\/2023\/03\/Collage_20230305_190634-2-768x1345.jpg 768w, https:\/\/esebarrancabermeja.gov.co\/antigua-ese-2022\/wp-content\/uploads\/2023\/03\/Collage_20230305_190634-2-877x1536.jpg 877w, https:\/\/esebarrancabermeja.gov.co\/antigua-ese-2022\/wp-content\/uploads\/2023\/03\/Collage_20230305_190634-2-1170x2048.jpg 1170w, https:\/\/esebarrancabermeja.gov.co\/antigua-ese-2022\/wp-content\/uploads\/2023\/03\/Collage_20230305_190634-2-107x187.jpg 107w, https:\/\/esebarrancabermeja.gov.co\/antigua-ese-2022\/wp-content\/uploads\/2023\/03\/Collage_20230305_190634-2-1210x2119.jpg 1210w, https:\/\/esebarrancabermeja.gov.co\/antigua-ese-2022\/wp-content\/uploads\/2023\/03\/Collage_20230305_190634-2-scaled.jpg 1462w\" sizes=\"(max-width: 585px) 100vw, 585px\" \/><\/figure><\/li><\/ul><\/figure>\n","protected":false},"excerpt":{"rendered":"<p>El pasado 3 de marzo se realiz\u00f3 Jornada de salud para la poblaci\u00f3n privada de la libertad en el reclusorio del CDV. Se llev\u00f3 atenci\u00f3n m\u00e9dica, odontolog\u00edca, toma de ex\u00e1menes de asintom\u00e1ticos respiratorios, entrega de medicamentos.\u00a0<\/p>\n","protected":false},"author":1,"featured_media":0,"comment_status":"closed","ping_status":"closed","sticky":false,"template":"","format":"standard","meta":{"_bbp_topic_count":0,"_bbp_reply_count":0,"_bbp_total_topic_count":0,"_bbp_total_reply_count":0,"_bbp_voice_count":0,"_bbp_anonymous_reply_count":0,"_bbp_topic_count_hidden":0,"_bbp_reply_count_hidden":0,"_bbp_forum_subforum_count":0},"categories":[553],"tags":[],"_links":{"self":[{"href":"https:\/\/esebarrancabermeja.gov.co\/antigua-ese-2022\/wp-json\/wp\/v2\/posts\/9932"}],"collection":[{"href":"https:\/\/esebarrancabermeja.gov.co\/antigua-ese-2022\/wp-json\/wp\/v2\/posts"}],"about":[{"href":"https:\/\/esebarrancabermeja.gov.co\/antigua-ese-2022\/wp-json\/wp\/v2\/types\/post"}],"author":[{"embeddable":true,"href":"https:\/\/esebarrancabermeja.gov.co\/antigua-ese-2022\/wp-json\/wp\/v2\/users\/1"}],"replies":[{"embeddable":true,"href":"https:\/\/esebarrancabermeja.gov.co\/antigua-ese-2022\/wp-json\/wp\/v2\/comments?post=9932"}],"version-history":[{"count":2,"href":"https:\/\/esebarrancabermeja.gov.co\/antigua-ese-2022\/wp-json\/wp\/v2\/posts\/9932\/revisions"}],"predecessor-version":[{"id":9936,"href":"https:\/\/esebarrancabermeja.gov.co\/antigua-ese-2022\/wp-json\/wp\/v2\/posts\/9932\/revisions\/9936"}],"wp:attachment":[{"href":"https:\/\/esebarrancabermeja.gov.co\/antigua-ese-2022\/wp-json\/wp\/v2\/media?parent=9932"}],"wp:term":[{"taxonomy":"category","embeddable":true,"href":"https:\/\/esebarrancabermeja.gov.co\/antigua-ese-2022\/wp-json\/wp\/v2\/categories?post=9932"},{"taxonomy":"post_tag","embeddable":true,"href":"https:\/\/esebarrancabermeja.gov.co\/antigua-ese-2022\/wp-json\/wp\/v2\/tags?post=9932"}],"curies":[{"name":"wp","href":"https:\/\/api.w.org\/{rel}","templated":true}]}}